{"id":607,"date":"2022-12-31T19:16:36","date_gmt":"2022-12-31T18:16:36","guid":{"rendered":"https:\/\/oidobservatorio.com\/la-economia-del-diseno-en-la-comunitat-valenciana\/"},"modified":"2023-03-27T11:59:03","modified_gmt":"2023-03-27T09:59:03","slug":"leconomia-del-disseny-en-la-comunitat-valenciana","status":"publish","type":"post","link":"https:\/\/oidobservatorio.com\/va\/leconomia-del-disseny-en-la-comunitat-valenciana\/","title":{"rendered":"L&#8217;economia del disseny en la Comunitat Valenciana"},"content":{"rendered":"\n<p>Investigaci\u00f3 realitzada en 2018 amb el suport de l&#8217;Ag\u00e8ncia Valenciana de la Innovaci\u00f3 (AVI) per a definir, identificar, dimensionar i avaluar l&#8217;\u00fas del disseny en els principals sectors econ\u00f2mics de la Comunitat Valenciana.<\/p>\n\n\n\n<p>L&#8217;informe inclou els resultats d&#8217;una investigaci\u00f3 realitzada a 1.345 empreses i l&#8217;an\u00e0lisi en profunditat de 30 empreses valencianes. Entre les principals conclusions de l&#8217;estudi s&#8217;evidencia l&#8217;exist\u00e8ncia d&#8217;una clara correlaci\u00f3 entre l&#8217;\u00fas del disseny en les empreses i la seua capacitat d&#8217;innovaci\u00f3 i resultats econ\u00f2mics.<\/p>\n\n\n\n<p>Una altra conclusi\u00f3 important \u00e9s que l&#8217;estudi mostra un vincle significatiu entre l&#8217;\u00fas del disseny i els resultats empresarials. \u00c9s a dir, la probabilitat que una empresa tinga expectatives econ\u00f2miques positives i exitoses \u00e9s quasi el doble si l\u2019empresa usa habitualment el disseny que si no ho fa.<\/p>\n\n\n\n<p>Basant-nos en l&#8217;informe, des de l&#8217;ADCV vam desenvolupar unes eines pr\u00f2pies d&#8217;avaluaci\u00f3 de l&#8217;\u00fas del disseny, que vam denominar Patrons d&#8217;utilitat i la Br\u00faixola del Disseny, que juntament amb la Design Ladder, van acabar configurant D-Tool, eina digital d&#8217;autodiagn\u00f2stic per al mesurament qualitatiu del disseny en les organitzacions.<\/p>\n\n\n\n<div class=\"wp-block-buttons is-layout-flex wp-block-buttons-is-layout-flex\">\n<div class=\"wp-block-button is-style-outline is-style-outline--1\"><a class=\"wp-block-button__link wp-element-button\" href=\"https:\/\/economiadisseny.com\/la-economia-del-diseno\/\" target=\"_blank\" rel=\"noreferrer noopener\">Accedir a la web<\/a><\/div>\n<\/div>\n","protected":false},"excerpt":{"rendered":"<p>Investigaci\u00f3 realitzada amb el suport de l&#8217;Ag\u00e8ncia Valenciana de la Innovaci\u00f3 (AVI) per a definir, identificar, dimensionar i avaluar l&#8217;\u00fas del disseny en els principals sectors econ\u00f2mics de la Comunitat Valenciana.<\/p>\n","protected":false},"author":1,"featured_media":608,"comment_status":"open","ping_status":"open","sticky":false,"template":"","format":"standard","meta":{"footnotes":""},"categories":[30],"tags":[],"class_list":["post-607","post","type-post","status-publish","format-standard","has-post-thumbnail","hentry","category-estudis"],"_links":{"self":[{"href":"https:\/\/oidobservatorio.com\/va\/wp-json\/wp\/v2\/posts\/607","targetHints":{"allow":["GET"]}}],"collection":[{"href":"https:\/\/oidobservatorio.com\/va\/wp-json\/wp\/v2\/posts"}],"about":[{"href":"https:\/\/oidobservatorio.com\/va\/wp-json\/wp\/v2\/types\/post"}],"author":[{"embeddable":true,"href":"https:\/\/oidobservatorio.com\/va\/wp-json\/wp\/v2\/users\/1"}],"replies":[{"embeddable":true,"href":"https:\/\/oidobservatorio.com\/va\/wp-json\/wp\/v2\/comments?post=607"}],"version-history":[{"count":3,"href":"https:\/\/oidobservatorio.com\/va\/wp-json\/wp\/v2\/posts\/607\/revisions"}],"predecessor-version":[{"id":688,"href":"https:\/\/oidobservatorio.com\/va\/wp-json\/wp\/v2\/posts\/607\/revisions\/688"}],"wp:featuredmedia":[{"embeddable":true,"href":"https:\/\/oidobservatorio.com\/va\/wp-json\/wp\/v2\/media\/608"}],"wp:attachment":[{"href":"https:\/\/oidobservatorio.com\/va\/wp-json\/wp\/v2\/media?parent=607"}],"wp:term":[{"taxonomy":"category","embeddable":true,"href":"https:\/\/oidobservatorio.com\/va\/wp-json\/wp\/v2\/categories?post=607"},{"taxonomy":"post_tag","embeddable":true,"href":"https:\/\/oidobservatorio.com\/va\/wp-json\/wp\/v2\/tags?post=607"}],"curies":[{"name":"wp","href":"https:\/\/api.w.org\/{rel}","templated":true}]}}